{"id":34,"date":"2008-07-20T18:54:58","date_gmt":"2008-07-20T16:54:58","guid":{"rendered":"http:\/\/www.bildstoerung.tv\/blog\/?p=34"},"modified":"2009-01-20T12:31:48","modified_gmt":"2009-01-20T10:31:48","slug":"im-glaskafig","status":"publish","type":"post","link":"https:\/\/www.bildstoerung.tv\/blog\/im-glaskafig\/","title":{"rendered":"IM GLASK\u00c4FIG"},"content":{"rendered":"<p class=\"MsoNormal\"><img decoding=\"async\" class=\"alignleft alignnone size-full wp-image-37\" style=\"border: 10px solid black; float: left;\" title=\"traselcristal101\" src=\"https:\/\/i0.wp.com\/www.bildstoerung.tv\/\/blog\/wp-content\/uploads\/2009\/01\/Glas_Schuber_klein.jpg?resize=190%2C264&#038;ssl=1\" alt=\"\" width=\"190\" height=\"264\" data-recalc-dims=\"1\" \/><span style=\"font-size: 9pt; font-family: Verdana;\">Dieser legend\u00e4re Skandalfilm wurde bei seiner internationalen Premiere 1987 auf der Berlinale von der deutschen Polizei beschlagnahmt. Berichten zufolge erwirkten erst Diplomaten der spanischen Botschaft die Herausgabe der eingezogenen Festivalkopie. Mit dieser DVD feiert der umstrittene Deb\u00fctfilm von Agust\u00ed Villaronga (<em>El Mar<\/em>) seine erste offizielle Ver\u00f6ffentlichung in Deutschland \u2013 selbstverst\u00e4ndlich ungek\u00fcrzt. <\/span><\/p>\n<p class=\"MsoNormal\"><span style=\"font-size: 9pt; font-family: Verdana;\"> <\/span><\/p>\n<p class=\"MsoNormal\">\n<p class=\"MsoNormal\"><span style=\"font-size: 9pt; font-family: Verdana;\">IM GLASK\u00c4FIG erz\u00e4hlt die Geschichte von Klaus, einem ehemaligen KZ-Arzt und Kinderm\u00f6rder im spanischen Exil, der nach einem Unfall nur noch von einer eisernen Lunge am Leben gehalten wird. Als eines Tages der junge Angelo \u00fcberraschend vor ihm steht und seine Dienste als Krankenpfleger anbietet, ahnt Klaus noch nicht, dass ihn seine Vergangenheit einholt\u2026<\/span><\/p>\n<p class=\"MsoNormal\" style=\"text-align: center;\"><strong><br \/>\n<\/strong><\/p>\n<p class=\"MsoNormal\" style=\"text-align: center;\"><strong><span style=\"font-size: 10pt; font-family: Arial;\"> <\/span><\/strong><\/p>\n<p class=\"MsoNormal\"><span style=\"font-size: 9pt; font-family: Verdana;\"> <\/span><\/p>\n<p class=\"MsoNormal\">\n<p class=\"MsoNormal\"><span style=\"font-size: 9pt; font-family: Verdana;\">\u201eSolche Kunst-Schocker werden heute nicht mehr gedreht. Ein gro\u00dfartiger Film \u2013 aber ich habe Angst, ihn meinen Freunden zu zeigen\u201c <strong><em>John Waters<\/em><\/strong><\/span><\/p>\n<p class=\"MsoNormal\"><span style=\"font-size: 9pt; font-family: Verdana;\">\u201eStilistisch fesselnd, moralisch doppeldeutig und zutiefst beunruhigend\u2026 Neben Pasolinis SALO einer der unerschrockensten Filme \u00fcber menschliche Abgr\u00fcnde.\u201c <em><strong>All Movie Guide<\/strong><\/em><\/span><\/p>\n<p class=\"MsoNormal\"><span style=\"font-size: 9pt; font-family: Verdana;\">\u201e\u2026 ein anziehender Albtraum.\u201c <strong><em>Mitternachtskino.de<\/em><\/strong><\/span><\/p>\n<p class=\"MsoNormal\" style=\"text-align: center;\"><strong><br \/>\n<\/strong><\/p>\n<p class=\"MsoNormal\" style=\"text-align: center;\"><strong><span style=\"font-size: 10pt; font-family: Arial;\"> <\/span><\/strong><\/p>\n<p class=\"MsoNormal\"><span style=\"font-size: 9pt; font-family: Verdana;\"> <\/span><\/p>\n<p class=\"MsoNormal\">\n<p class=\"MsoNormal\"><span style=\"font-size: 9pt; font-family: Verdana;\"> <\/span><\/p>\n<p class=\"MsoNormal\"><span style=\"font-size: 9pt; font-family: Verdana;\">Originaltitel: Tras el Cristal a.k.a. In a Glass Cage<\/span><\/p>\n<p class=\"MsoNormal\"><span style=\"font-size: 9pt; font-family: Verdana;\">Produktionsland \/ Jahr: Spanien 1986<\/span><\/p>\n<p class=\"MsoNormal\"><span style=\"font-size: 9pt; font-family: Verdana;\">Regie: Agust\u00ed Villaronga<\/span><\/p>\n<p class=\"MsoNormal\"><span style=\"font-size: 9pt; font-family: Verdana;\">Darsteller: G\u00fcnter Meisner, David Sust, Marisa Paredes<\/span><\/p>\n","protected":false},"excerpt":{"rendered":"<p>Dieser legend\u00e4re Skandalfilm wurde bei seiner internationalen Premiere 1987 auf [&hellip;]<\/p>\n","protected":false},"author":1,"featured_media":0,"comment_status":"closed","ping_status":"closed","sticky":false,"template":"","format":"standard","meta":{"om_disable_all_campaigns":false,"sfsi_plus_gutenberg_text_before_share":"","sfsi_plus_gutenberg_show_text_before_share":"","sfsi_plus_gutenberg_icon_type":"","sfsi_plus_gutenberg_icon_alignemt":"","sfsi_plus_gutenburg_max_per_row":"","_uf_show_specific_survey":0,"_uf_disable_surveys":false,"jetpack_post_was_ever_published":false,"_jetpack_newsletter_access":"","_jetpack_dont_email_post_to_subs":false,"_jetpack_newsletter_tier_id":0,"_jetpack_memberships_contains_paywalled_content":false,"_jetpack_memberships_contains_paid_content":false,"footnotes":"","jetpack_publicize_message":"","jetpack_publicize_feature_enabled":true,"jetpack_social_post_already_shared":false,"jetpack_social_options":{"image_generator_settings":{"template":"highway","enabled":false}}},"categories":[1,3],"tags":[],"class_list":["post-34","post","type-post","status-publish","format-standard","hentry","category-allgemein","category-news"],"jetpack_publicize_connections":[],"aioseo_notices":[],"jetpack_featured_media_url":"","jetpack_sharing_enabled":true,"jetpack_shortlink":"https:\/\/wp.me\/p5YmIz-y","jetpack-related-posts":[],"_links":{"self":[{"href":"https:\/\/www.bildstoerung.tv\/blog\/wp-json\/wp\/v2\/posts\/34","targetHints":{"allow":["GET"]}}],"collection":[{"href":"https:\/\/www.bildstoerung.tv\/blog\/wp-json\/wp\/v2\/posts"}],"about":[{"href":"https:\/\/www.bildstoerung.tv\/blog\/wp-json\/wp\/v2\/types\/post"}],"author":[{"embeddable":true,"href":"https:\/\/www.bildstoerung.tv\/blog\/wp-json\/wp\/v2\/users\/1"}],"replies":[{"embeddable":true,"href":"https:\/\/www.bildstoerung.tv\/blog\/wp-json\/wp\/v2\/comments?post=34"}],"version-history":[{"count":0,"href":"https:\/\/www.bildstoerung.tv\/blog\/wp-json\/wp\/v2\/posts\/34\/revisions"}],"wp:attachment":[{"href":"https:\/\/www.bildstoerung.tv\/blog\/wp-json\/wp\/v2\/media?parent=34"}],"wp:term":[{"taxonomy":"category","embeddable":true,"href":"https:\/\/www.bildstoerung.tv\/blog\/wp-json\/wp\/v2\/categories?post=34"},{"taxonomy":"post_tag","embeddable":true,"href":"https:\/\/www.bildstoerung.tv\/blog\/wp-json\/wp\/v2\/tags?post=34"}],"curies":[{"name":"wp","href":"https:\/\/api.w.org\/{rel}","templated":true}]}}