{"id":26,"date":"2008-07-20T18:23:25","date_gmt":"2008-07-20T16:23:25","guid":{"rendered":"http:\/\/www.bildstoerung.tv\/blog\/?p=26"},"modified":"2008-09-03T19:33:47","modified_gmt":"2008-09-03T17:33:47","slug":"bad-boy-bubby","status":"publish","type":"post","link":"https:\/\/www.bildstoerung.tv\/blog\/bad-boy-bubby\/","title":{"rendered":"BAD BOY BUBBY &#8211; Im Herbst 2008 auf DVD!"},"content":{"rendered":"<p class=\"MsoNormal\"><a href=\"https:\/\/i0.wp.com\/www.bildstoerung.tv\/blog\/wp-content\/uploads\/2008\/09\/cover_bbb.jpg?ssl=1\"><img decoding=\"async\" data-attachment-id=\"77\" data-permalink=\"https:\/\/www.bildstoerung.tv\/blog\/bad-boy-bubby\/cover_bbb\/\" data-orig-file=\"https:\/\/i0.wp.com\/www.bildstoerung.tv\/blog\/wp-content\/uploads\/2008\/09\/cover_bbb.jpg?fit=408%2C566&amp;ssl=1\" data-orig-size=\"408,566\" data-comments-opened=\"1\" data-image-meta=\"{&quot;aperture&quot;:&quot;0&quot;,&quot;credit&quot;:&quot;&quot;,&quot;camera&quot;:&quot;&quot;,&quot;caption&quot;:&quot;&quot;,&quot;created_timestamp&quot;:&quot;0&quot;,&quot;copyright&quot;:&quot;&quot;,&quot;focal_length&quot;:&quot;0&quot;,&quot;iso&quot;:&quot;0&quot;,&quot;shutter_speed&quot;:&quot;0&quot;,&quot;title&quot;:&quot;&quot;,&quot;orientation&quot;:&quot;1&quot;}\" data-image-title=\"Cover BAD BOY BUBBY\" data-image-description=\"\" data-image-caption=\"\" data-medium-file=\"https:\/\/i0.wp.com\/www.bildstoerung.tv\/blog\/wp-content\/uploads\/2008\/09\/cover_bbb.jpg?fit=300%2C416&amp;ssl=1\" data-large-file=\"https:\/\/i0.wp.com\/www.bildstoerung.tv\/blog\/wp-content\/uploads\/2008\/09\/cover_bbb.jpg?fit=408%2C566&amp;ssl=1\" class=\"alignleft alignnone size-medium wp-image-77\" style=\"border: 10px solid black; float: left;\" title=\"Cover BAD BOY BUBBY\" src=\"https:\/\/i0.wp.com\/www.bildstoerung.tv\/blog\/wp-content\/uploads\/2008\/09\/cover_bbb.jpg?resize=190%2C264&#038;ssl=1\" alt=\"\" width=\"190\" height=\"264\" data-recalc-dims=\"1\" \/><\/a><span style=\"font-size: 9pt; font-family: Verdana;\">Der umstrittene, legend\u00e4re Kultfilm von Rolf de Heer (<em>10 Kanus\u2026, Alexandra\u2019s Project<\/em>) erstmals auf DVD in Deutschland. <\/span><\/p>\n<p class=\"MsoNormal\"><span style=\"font-size: 9pt; font-family: Verdana;\"> <\/span><\/p>\n<p class=\"MsoNormal\"><span style=\"font-size: 9pt; font-family: Verdana;\">Seit 35 Jahren h\u00e4lt Mom ihren Sohn Bubby in einer heruntergekommenen Ein-Zimmer-Wohnung unter Verschluss. Sie teilt Bad und Bett mit ihm und ist der einzige Mensch, den er kennt. Tags\u00fcber allein gelassen und kaum f\u00e4hig zu sprechen, kennt er weder Radio noch Fernsehen und wei\u00df nichts \u00fcber den Rest der Welt jenseits dieser vier W\u00e4nde. Als sein Vater nach all den Jahren \u00fcberraschend wieder auftaucht, und auch wieder in Moms Bett zur\u00fcckkehrt, kommt es zum Eklat. Nun steht Bubby vor der gr\u00f6\u00dften Herausforderung seines Lebens: dem Schritt \u00fcber die Schwelle der eigenen Haust\u00fcr. Es ist an der Zeit, sich die Welt da drau\u00dfen anzusehen\u2026<\/span><\/p>\n<p class=\"MsoNormal\" style=\"text-align: center;\"><strong><br \/>\n<\/strong><\/p>\n<p class=\"MsoNormal\" style=\"text-align: center;\"><strong><span style=\"font-size: 10pt; font-family: Arial;\"> <\/span><\/strong><\/p>\n<p class=\"MsoNormal\"><span style=\"font-size: 9pt; font-family: Verdana;\"> <\/span><\/p>\n<p class=\"MsoNormal\">\n<p class=\"MsoNormal\"><span style=\"font-size: 9pt; font-family: Verdana;\"> <\/span><\/p>\n<p class=\"MsoNormal\"><span style=\"font-size: 9pt; font-family: Verdana;\"> <\/span><\/p>\n<p class=\"MsoNormal\"><span style=\"font-size: 9pt; font-family: Verdana;\"><span> <\/span>\u201eEine Tragikom\u00f6die die fast keine Provokation ausl\u00e4sst\u2026 Inhaltlich k\u00fchn, stilistisch einfallsreich und gewagt\u2026\u201c <strong><em>Variety<\/em><\/strong><\/span><\/p>\n<p class=\"MsoNormal\"><span style=\"font-size: 9pt; font-family: Verdana;\">\u201e\u2026 zu gleichen Teilen witzig, r\u00fchrend und bizarr ist <em>BAD BOY BUBBY<\/em> ein ungemein ambitionierter Film dem sein Vorhaben triumphierend gelingt\u2026 Einer jener raren Filme die einen durch die Dunkelheit ans Licht f\u00fchren\u201c <em><strong>L.A. Times<\/strong><\/em><\/span><\/p>\n<p class=\"MsoNormal\"><span style=\"font-size: 9pt; font-family: Verdana;\">\u201eEiner der seltsamsten und beunruhigendsten Filme der 1990er\u201c <strong><em>Channel 4<\/em><\/strong><\/span><\/p>\n<p class=\"MsoNormal\"><span style=\"font-size: 9pt; font-family: Verdana;\"> <\/span><\/p>\n<p class=\"MsoNormal\"><span style=\"font-size: 9pt; font-family: Verdana;\">Spezialpreis der Jury in Venedig, FIPRESCI Award, 4 AFI Awards (australische Oscars \u2013 u.a. f\u00fcr Beste Regie und Besten Hauptdarsteller)<\/span><\/p>\n<p class=\"MsoNormal\" style=\"text-align: center;\"><strong><br \/>\n<\/strong><\/p>\n<p class=\"MsoNormal\" style=\"text-align: center;\"><strong><span style=\"font-size: 10pt; font-family: Arial;\"> <\/span><\/strong><\/p>\n<p class=\"MsoNormal\"><span style=\"font-size: 9pt; font-family: Verdana;\"> <\/span><\/p>\n<p class=\"MsoNormal\">\n<p class=\"MsoNormal\"><span style=\"font-size: 9pt; font-family: Verdana;\"> <\/span><\/p>\n<p class=\"MsoNormal\">\n<p class=\"MsoNormal\"><span style=\"font-size: 9pt;\"> <\/span><\/p>\n<p class=\"MsoNormal\"><span style=\"font-size: 9pt; font-family: Verdana;\">Originaltitel: Bad Boy Bubby<\/span><\/p>\n<p class=\"MsoNormal\"><span style=\"font-size: 9pt; font-family: Verdana;\">Produktionsland \/ Jahr: Australien 1993<\/span><\/p>\n<p class=\"MsoNormal\"><span style=\"font-size: 9pt; font-family: Verdana;\">Regie: Rolf de Heer<\/span><\/p>\n<p class=\"MsoNormal\"><span style=\"font-size: 9pt; font-family: Verdana;\">Darsteller: Nicholas Hope, Claire Benito, Ralph Cotterill<\/span><\/p>\n","protected":false},"excerpt":{"rendered":"<p>Der umstrittene, legend\u00e4re Kultfilm von Rolf de Heer (10 Kanus\u2026, [&hellip;]<\/p>\n","protected":false},"author":1,"featured_media":0,"comment_status":"closed","ping_status":"closed","sticky":false,"template":"","format":"standard","meta":{"om_disable_all_campaigns":false,"sfsi_plus_gutenberg_text_before_share":"","sfsi_plus_gutenberg_show_text_before_share":"","sfsi_plus_gutenberg_icon_type":"","sfsi_plus_gutenberg_icon_alignemt":"","sfsi_plus_gutenburg_max_per_row":"","_uf_show_specific_survey":0,"_uf_disable_surveys":false,"jetpack_post_was_ever_published":false,"_jetpack_newsletter_access":"","_jetpack_dont_email_post_to_subs":false,"_jetpack_newsletter_tier_id":0,"_jetpack_memberships_contains_paywalled_content":false,"_jetpack_memberships_contains_paid_content":false,"footnotes":"","jetpack_publicize_message":"","jetpack_publicize_feature_enabled":true,"jetpack_social_post_already_shared":false,"jetpack_social_options":{"image_generator_settings":{"template":"highway","enabled":false}}},"categories":[1,3],"tags":[],"class_list":["post-26","post","type-post","status-publish","format-standard","hentry","category-allgemein","category-news"],"jetpack_publicize_connections":[],"aioseo_notices":[],"jetpack_featured_media_url":"","jetpack_sharing_enabled":true,"jetpack_shortlink":"https:\/\/wp.me\/p5YmIz-q","jetpack-related-posts":[],"_links":{"self":[{"href":"https:\/\/www.bildstoerung.tv\/blog\/wp-json\/wp\/v2\/posts\/26","targetHints":{"allow":["GET"]}}],"collection":[{"href":"https:\/\/www.bildstoerung.tv\/blog\/wp-json\/wp\/v2\/posts"}],"about":[{"href":"https:\/\/www.bildstoerung.tv\/blog\/wp-json\/wp\/v2\/types\/post"}],"author":[{"embeddable":true,"href":"https:\/\/www.bildstoerung.tv\/blog\/wp-json\/wp\/v2\/users\/1"}],"replies":[{"embeddable":true,"href":"https:\/\/www.bildstoerung.tv\/blog\/wp-json\/wp\/v2\/comments?post=26"}],"version-history":[{"count":0,"href":"https:\/\/www.bildstoerung.tv\/blog\/wp-json\/wp\/v2\/posts\/26\/revisions"}],"wp:attachment":[{"href":"https:\/\/www.bildstoerung.tv\/blog\/wp-json\/wp\/v2\/media?parent=26"}],"wp:term":[{"taxonomy":"category","embeddable":true,"href":"https:\/\/www.bildstoerung.tv\/blog\/wp-json\/wp\/v2\/categories?post=26"},{"taxonomy":"post_tag","embeddable":true,"href":"https:\/\/www.bildstoerung.tv\/blog\/wp-json\/wp\/v2\/tags?post=26"}],"curies":[{"name":"wp","href":"https:\/\/api.w.org\/{rel}","templated":true}]}}