{"id":139,"date":"2010-09-01T09:24:29","date_gmt":"2010-09-01T07:24:29","guid":{"rendered":"http:\/\/www.bildstoerung.tv\/blog\/?p=139"},"modified":"2011-02-02T13:58:19","modified_gmt":"2011-02-02T11:58:19","slug":"larm-wut","status":"publish","type":"post","link":"https:\/\/www.bildstoerung.tv\/blog\/larm-wut\/","title":{"rendered":"L\u00c4RM &#038; WUT"},"content":{"rendered":"<p class=\"MsoNormal\"><img decoding=\"async\" class=\"alignleft\" style=\"border: 10px solid black; float: left;\" src=\"https:\/\/www.bildstoerung.tv\/\/blog\/wp-content\/uploads\/2011\/01\/Laerm und Wut_Cover.jpg\" alt=\"L\u00c4RM &amp; WUT\" width=\"213\" height=\"297\" \/><!--[if gte mso 9]><xml> <w:WordDocument> <w:View>Normal<\/w:View> <w:Zoom>0<\/w:Zoom> <w:HyphenationZone>21<\/w:HyphenationZone> <w:Compatibility> <w:BreakWrappedTables \/> <w:SnapToGridInCell \/> <w:ApplyBreakingRules \/> <w:WrapTextWithPunct \/> <w:UseAsianBreakRules \/> <w:UseFELayout \/> <\/w:Compatibility> <w:BrowserLevel>MicrosoftInternetExplorer4<\/w:BrowserLevel> <\/w:WordDocument> <\/xml><![endif]--> <span style=\"font-size: 10pt; font-family: Verdana;\">\u201eLife&#8217;s but a walking shadow (&#8230;): it is a tale <\/span><\/p>\n<p class=\"MsoNormal\"><span style=\"font-size: 10pt; font-family: Verdana;\">Told by an idiot, full of sound and fury, <\/span><\/p>\n<p class=\"MsoNormal\"><span style=\"font-size: 10pt; font-family: Verdana;\">Signifying nothing.\u201d<\/span><\/p>\n<p class=\"MsoNormal\"><em><span style=\"font-size: 10pt; font-family: Verdana;\">William Shakespeare \/ Macbeth<\/span><\/em><\/p>\n<p class=\"MsoNormal\"><span style=\"font-size: 10pt; font-family: Verdana;\"> <\/span><\/p>\n<p class=\"MsoNormal\"><span style=\"font-size: 10pt; font-family: Verdana;\">Neben William Faulkners gro\u00dfartigem Roman gab es Ende der Achtziger Jahre einen Film des<span> <\/span>franz\u00f6sischen Regisseurs Jean-Claude Brisseau, f\u00fcr dessen Titel ebenfalls diese Zeilen aus Shakespeares Macbeth Pate standen: L\u00c4RM &amp; WUT (OT: De bruit et de fureur).<\/span><\/p>\n<p class=\"MsoNormal\"><span style=\"font-size: 10pt; font-family: Verdana;\"> <\/span><\/p>\n<p class=\"MsoNormal\"><span style=\"font-size: 10pt; font-family: Verdana;\">Der Film, der 1988 in Cannes mit dem Spezialpreis der Jugendjury ausgezeichnet wurde, provozierte seinerzeit einen kleinen Skandal, als er aufgrund seiner ungesch\u00f6nten Darstellung von Jugendgewalt in Frankreich f\u00fcr den Kinostart zun\u00e4chst die so seltene Freigabe \u201eab 18 Jahren\u201c erhielt \u2013 eine Entscheidung, die einigen Protest ausl\u00f6ste, u.a. von Regiekollegen wie Barbet Schroeder (BARFLY). Dabei gelang Jean-Claude Brisseau mit seinen kalten, klaren Bildern, die immer wieder durch surreale Szenen unterbrochen werden, zwar ein aufw\u00fchlender und heftiger aber auch sehr ehrlicher Film \u00fcber das trostlose Leben in den Pariser Vororten.<\/span><\/p>\n<p class=\"MsoNormal\"><span style=\"font-size: 10pt; font-family: Verdana;\"> <\/span><\/p>\n<p class=\"MsoNormal\"><span style=\"font-size: 10pt; font-family: Verdana;\">Wir freuen uns sehr, Jean-Claude Brisseaus Ausnahmewerk zum ersten Mal in Deutschland auf DVD ver\u00f6ffentlichen zu d\u00fcrfen. Neben dem Film inkl. der deutschen Synchronfassung wird unsere DVD zudem folgende Bonusfeatures enthalten: ein 26-min\u00fctiges Interview mit Regisseur Jean-Claude Brisseau, einen 27-min\u00fctigen Kommentar des Regisseurs, der mit der Fernbedienung in der Hand Schl\u00fcsselszenen des Films erl\u00e4utert und ein 40-min\u00fctiges \u201aMaking-Of\u2019 von Luc Ponette, der mit seiner Video-8-Kamera 1987 die Dreharbeiten des Films begleitete. Sobald ein genauer Releasetermin feststeht, wird er \u00fcber unsere Homepage und unser Labelforum bekanntgegeben.<\/span><\/p>\n","protected":false},"excerpt":{"rendered":"<p>\u201eLife&#8217;s but a walking shadow (&#8230;): it is a tale [&hellip;]<\/p>\n","protected":false},"author":1,"featured_media":0,"comment_status":"closed","ping_status":"closed","sticky":false,"template":"","format":"standard","meta":{"om_disable_all_campaigns":false,"sfsi_plus_gutenberg_text_before_share":"","sfsi_plus_gutenberg_show_text_before_share":"","sfsi_plus_gutenberg_icon_type":"","sfsi_plus_gutenberg_icon_alignemt":"","sfsi_plus_gutenburg_max_per_row":"","_uf_show_specific_survey":0,"_uf_disable_surveys":false,"jetpack_post_was_ever_published":false,"_jetpack_newsletter_access":"","_jetpack_dont_email_post_to_subs":false,"_jetpack_newsletter_tier_id":0,"_jetpack_memberships_contains_paywalled_content":false,"_jetpack_memberships_contains_paid_content":false,"footnotes":"","jetpack_publicize_message":"","jetpack_publicize_feature_enabled":true,"jetpack_social_post_already_shared":false,"jetpack_social_options":{"image_generator_settings":{"template":"highway","enabled":false}}},"categories":[3],"tags":[],"class_list":["post-139","post","type-post","status-publish","format-standard","hentry","category-news"],"jetpack_publicize_connections":[],"aioseo_notices":[],"jetpack_featured_media_url":"","jetpack_sharing_enabled":true,"jetpack_shortlink":"https:\/\/wp.me\/p5YmIz-2f","jetpack-related-posts":[],"_links":{"self":[{"href":"https:\/\/www.bildstoerung.tv\/blog\/wp-json\/wp\/v2\/posts\/139","targetHints":{"allow":["GET"]}}],"collection":[{"href":"https:\/\/www.bildstoerung.tv\/blog\/wp-json\/wp\/v2\/posts"}],"about":[{"href":"https:\/\/www.bildstoerung.tv\/blog\/wp-json\/wp\/v2\/types\/post"}],"author":[{"embeddable":true,"href":"https:\/\/www.bildstoerung.tv\/blog\/wp-json\/wp\/v2\/users\/1"}],"replies":[{"embeddable":true,"href":"https:\/\/www.bildstoerung.tv\/blog\/wp-json\/wp\/v2\/comments?post=139"}],"version-history":[{"count":0,"href":"https:\/\/www.bildstoerung.tv\/blog\/wp-json\/wp\/v2\/posts\/139\/revisions"}],"wp:attachment":[{"href":"https:\/\/www.bildstoerung.tv\/blog\/wp-json\/wp\/v2\/media?parent=139"}],"wp:term":[{"taxonomy":"category","embeddable":true,"href":"https:\/\/www.bildstoerung.tv\/blog\/wp-json\/wp\/v2\/categories?post=139"},{"taxonomy":"post_tag","embeddable":true,"href":"https:\/\/www.bildstoerung.tv\/blog\/wp-json\/wp\/v2\/tags?post=139"}],"curies":[{"name":"wp","href":"https:\/\/api.w.org\/{rel}","templated":true}]}}